{"id":2127,"date":"2025-01-09T15:55:36","date_gmt":"2025-01-09T18:55:36","guid":{"rendered":"https:\/\/proposeful.com\/pt\/blog\/?p=2127"},"modified":"2025-04-04T06:54:18","modified_gmt":"2025-04-04T09:54:18","slug":"crescimento-empresarial-como-fazer-sua-empresa-crescer-em-2025","status":"publish","type":"post","link":"https:\/\/proposeful.com\/pt\/blog\/crescimento-empresarial-como-fazer-sua-empresa-crescer-em-2025\/","title":{"rendered":"Crescimento Empresarial: Como Fazer Sua Empresa BOMBAR em 2025"},"content":{"rendered":"\n<figure class=\"wp-block-image size-large\"><a href=\"https:\/\/proposeful.com\/pt\/blog\/wp-content\/uploads\/2025\/03\/9.png\"><img loading=\"lazy\" width=\"1024\" height=\"576\" src=\"https:\/\/proposeful.com\/pt\/blog\/wp-content\/uploads\/2025\/03\/9-1024x576.png\" alt=\"crescimento empresarial como fazer sua empresa crescer\" class=\"wp-image-2264\" srcset=\"https:\/\/proposeful.com\/pt\/blog\/wp-content\/uploads\/2025\/03\/9-1024x576.png 1024w, https:\/\/proposeful.com\/pt\/blog\/wp-content\/uploads\/2025\/03\/9-300x169.png 300w, https:\/\/proposeful.com\/pt\/blog\/wp-content\/uploads\/2025\/03\/9-768x432.png 768w, https:\/\/proposeful.com\/pt\/blog\/wp-content\/uploads\/2025\/03\/9-1536x864.png 1536w, https:\/\/proposeful.com\/pt\/blog\/wp-content\/uploads\/2025\/03\/9-2048x1152.png 2048w, https:\/\/proposeful.com\/pt\/blog\/wp-content\/uploads\/2025\/03\/9-320x180.png 320w\" sizes=\"(max-width: 1024px) 100vw, 1024px\" \/><\/a><\/figure>\n\n\n\n<p>\u00c9 ineg\u00e1vel que o mundo empresarial \u00e9 sempre marcado por mudan\u00e7as \u2013 e estar alinhado a estas \u00e9 um fator crucial para o crescimento. Vemos o advento de novas profiss\u00f5es, da IA, de novas ferramentas, da tecnologia como um todo e tamb\u00e9m da sustentabilidade. <\/p>\n\n\n\n<p>O <a href=\"https:\/\/www.weforum.org\/stories\/2020\/10\/top-10-work-skills-of-tomorrow-how-long-it-takes-to-learn-them\/\">F\u00f3rum Econ\u00f4mico Mundial<\/a>, em 2020, j\u00e1 previa que mais de 50% dos trabalhadores precisariam requalificar suas habilidades at\u00e9 este ano por conta da grande ado\u00e7\u00e3o de tecnologia que vemos passando. Outra estimativa para esse ano \u00e9 que 85 milh\u00f5es de empregos podem ser deslocados por conta da divis\u00e3o de humanos x m\u00e1quinas; bem como 97 milh\u00f5es de empregos podem surgir adaptados.<\/p>\n\n\n\n<p>Diante desse cen\u00e1rio, nesse artigo vamos te apresentar <a href=\"https:\/\/proposeful.com\/pt\/blog\/tudo-sobre-marketing-e-vendas-dicas-ferramentas-e-taticas\/\">dicas e ferramentas<\/a> de como fazer a sua empresa crescer em 2025. Ser\u00e1 um ano cheio de desafios mas, com o alinhamento correto, ser\u00e1 muito proveitoso.<\/p>\n\n\n\n<h2>\u00cdndice de Conte\u00fado \u2013 Crescimento Empresarial: Como fazer sua empresa crescer<\/h2>\n\n\n\n<ul><li><a href=\"#esg\">ESG<\/a><\/li><li><a href=\"#online\">Presen\u00e7a Online<\/a><\/li><li><a href=\"#organizacao\">Organiza\u00e7\u00e3o Estrat\u00e9gica<\/a><\/li><li><a href=\"#IA\">Intelig\u00eancia Artificial<\/a><\/li><li><a href=\"#escala\">Redu\u00e7\u00e3o da Escala<\/a><\/li><li><a href=\"#home-office\">Trabalho H\u00edbrido\/Home Office<\/a><\/li><\/ul>\n\n\n\n<h2>Tend\u00eancias de Crescimento Empresarial em 2025<\/h2>\n\n\n\n<p>As tend\u00eancias refletem mudan\u00e7as na tecnologia, din\u00e2micas de mercado, comportamentos de consumo e at\u00e9 mesmo regulamenta\u00e7\u00f5es. Inclusive, o que as impulsionam vai al\u00e9m dos avan\u00e7os tecnol\u00f3gicos por si s\u00f3. Fatores demogr\u00e1ficos, culturais e desafios globais s\u00e3o grandes fatores que impulsionam novas tend\u00eancias.<\/p>\n\n\n\n<p>Um exemplo disso \u00e9 o termo \u201cnovo normal\u201d, que ficou t\u00e3o em vig\u00eancia no per\u00edodo pand\u00eamico devido aos desafios e adapta\u00e7\u00f5es que a sociedade precisou passar durante esse tempo.<\/p>\n\n\n\n<p>O primeiro fator que vamos comentar entra nessa rela\u00e7\u00e3o: o grande desafio das mudan\u00e7as clim\u00e1ticas e a consci\u00eancia social que refletiu na cria\u00e7\u00e3o das normas ESG.<\/p>\n\n\n\n<h3 id=\"esg\">ESG&nbsp;<\/h3>\n\n\n\n<div class=\"wp-block-image\"><figure class=\"aligncenter size-large\"><a href=\"https:\/\/proposeful.com\/pt\/blog\/wp-content\/uploads\/2025\/01\/x8zstuks2pm.jpg\"><img loading=\"lazy\" width=\"1024\" height=\"586\" src=\"https:\/\/proposeful.com\/pt\/blog\/wp-content\/uploads\/2025\/01\/x8zstuks2pm-1024x586.jpg\" alt=\"tend\u00eancia para o crescimento empresarial: ESG. Na imagem, m\u00e3os segurando um punhado de terra com planta, representando a sustentabilidade\" class=\"wp-image-2129\" srcset=\"https:\/\/proposeful.com\/pt\/blog\/wp-content\/uploads\/2025\/01\/x8zstuks2pm-1024x586.jpg 1024w, https:\/\/proposeful.com\/pt\/blog\/wp-content\/uploads\/2025\/01\/x8zstuks2pm-300x172.jpg 300w, https:\/\/proposeful.com\/pt\/blog\/wp-content\/uploads\/2025\/01\/x8zstuks2pm-768x440.jpg 768w, https:\/\/proposeful.com\/pt\/blog\/wp-content\/uploads\/2025\/01\/x8zstuks2pm-1536x879.jpg 1536w, https:\/\/proposeful.com\/pt\/blog\/wp-content\/uploads\/2025\/01\/x8zstuks2pm-320x183.jpg 320w, https:\/\/proposeful.com\/pt\/blog\/wp-content\/uploads\/2025\/01\/x8zstuks2pm.jpg 1600w\" sizes=\"(max-width: 1024px) 100vw, 1024px\" \/><\/a><\/figure><\/div>\n\n\n\n<p>ESG \u00e9 a sigla em ingl\u00eas para Environmental, Social and Governance, que em portugu\u00eas significa Ambiental, Social e Governan\u00e7a. As pr\u00e1ticas ESG avaliam se uma empresa \u00e9 sustent\u00e1vel, socialmente consciente e bem gerenciada.<\/p>\n\n\n\n<p>O ESG n\u00e3o surgiu agora, inclusive, as pr\u00e1ticas j\u00e1 fazem parte de <a href=\"https:\/\/www.terra.com.br\/noticias\/praticas-esg-estao-em-95-das-empresas-brasileiras,f13c131fc5b9de03f84d09921768cffb7xka1ius.html\">95% das empresas brasileiras<\/a>, demonstrando uma mudan\u00e7a na mentalidade corporativa e um compromisso com estas pautas. Al\u00e9m disso, esta ado\u00e7\u00e3o gera outros benef\u00edcios:<\/p>\n\n\n\n<ul><li>Empresas que aderem ao ESG s\u00e3o mais atrativas para investidores estrangeiros e fundos que priorizam crit\u00e9rios sustent\u00e1veis.<\/li><li>Os consumidores est\u00e3o cada vez mais exigentes e conscientes em rela\u00e7\u00e3o ao impacto ambiental e social das empresas. Boas pr\u00e1ticas geram confian\u00e7a e fidelidade.<\/li><li>Pr\u00e1ticas ESG ajudam a prevenir problemas legais, reputacionais e financeiros.<\/li><li>Colaboradores, especialmente das gera\u00e7\u00f5es mais jovens, preferem trabalhar em empresas alinhadas a valores sustent\u00e1veis. Assim, melhora o clima organizacional e a motiva\u00e7\u00e3o.<\/li><li>A contribui\u00e7\u00e3o com&nbsp; a redu\u00e7\u00e3o de impactos ambientais, maior inclus\u00e3o social e combate \u00e0s desigualdades fortalece a imagem das empresas.<\/li><li>Governos e bancos oferecem incentivos fiscais e condi\u00e7\u00f5es especiais de financiamento para empresas com pr\u00e1ticas sustent\u00e1veis.<\/li><\/ul>\n\n\n\n<h4>Empregos Verdes<\/h4>\n\n\n\n<p>J\u00e1 em 2008, o relat\u00f3rio da Organiza\u00e7\u00e3o Internacional do Trabalho (OIT) &#8220;<a href=\"https:\/\/www.ilo.org\/sites\/default\/files\/wcmsp5\/groups\/public\/@americas\/@ro-lima\/@ilo-brasilia\/documents\/publication\/wcms_229627.pdf\">Empregos Verdes: trabalho decente em um mundo sustent\u00e1vel e com baixas emiss\u00f5es de carbono<\/a>&#8221; aborda a promo\u00e7\u00e3o de trabalho decente, propriamente dita, e a responsabilidade social empresarial como fatores que ajudam empresas a crescerem de forma sustent\u00e1vel e inclusiva.<\/p>\n\n\n\n<p>Segundo o relat\u00f3rio, os empregos verdes s\u00e3o \u201ctrabalhos nas \u00e1reas agr\u00edcola, industrial, dos servi\u00e7os e da administra\u00e7\u00e3o que contribuem para a preserva\u00e7\u00e3o ou restaura\u00e7\u00e3o da qualidade ambiental\u201d e \u201cajudam a reduzir o consumo de energia, mat\u00e9rias-primas e \u00e1gua por meio de estrat\u00e9gias altamente eficazes que descarbonizam a economia e reduzem as emiss\u00f5es de gases de efeito estufa, minimizando ou evitando completamente todas as formas de res\u00edduos e polui\u00e7\u00e3o, protegendo e restaurando os ecossistemas e a biodiversidade\u201d.<\/p>\n\n\n\n<p>Sendo assim, o investimento em empregos verdes permite \u00e0s empresas se posicionarem como l\u00edderes em sustentabilidade, atraindo consumidores e investidores que priorizam responsabilidade ambiental. Al\u00e9m disso, ao promover processos mais eficientes e menos dependentes de recursos escassos, as organiza\u00e7\u00f5es conseguem se preparar melhor para o futuro, garantindo resili\u00eancia e competitividade em um mercado em transforma\u00e7\u00e3o.&nbsp;<\/p>\n\n\n\n<h4>Estrat\u00e9gias para Descarboniza\u00e7\u00e3o<\/h4>\n\n\n\n<p>Antecipar-se \u00e0s regulamenta\u00e7\u00f5es do mercado de carbono \u00e9 uma boa estrat\u00e9gia para economizar no futuro e fazer a empresa crescer. A descarboniza\u00e7\u00e3o, al\u00e9m de reduzir os riscos financeiros ligados \u00e0 emiss\u00e3o de gases poluentes, tamb\u00e9m abre novas oportunidades de neg\u00f3cio. Especialmente em setores que est\u00e3o na vanguarda da economia de baixo carbono.<\/p>\n\n\n\n<p>Empresas que investem em projetos para compensar ou reduzir emiss\u00f5es se adaptam melhor \u00e0s novas regras e ganham vantagem no mercado. Isso atrai consumidores e investidores que valorizam a sustentabilidade.<\/p>\n\n\n\n<h4>Transi\u00e7\u00e3o Energ\u00e9tica<\/h4>\n\n\n\n<p>Investir na transi\u00e7\u00e3o energ\u00e9tica \u00e9 uma forma eficaz de impulsionar o crescimento empresarial e tamb\u00e9m atrair investidores comprometidos com estrat\u00e9gias verdes. Empresas que adotam iniciativas claras e sustent\u00e1veis nesse campo abrem caminhos para novos mercados e produtos e se destacam como l\u00edderes do setor. Isso fortalece sua reputa\u00e7\u00e3o e aumenta seu valor de mercado.&nbsp;<\/p>\n\n\n\n<p>Para aproveitar essa oportunidade, \u00e9 essencial desenvolver um plano detalhado de transi\u00e7\u00e3o energ\u00e9tica, com metas e prazos concretos, e comunicar essas a\u00e7\u00f5es de forma transparente. Al\u00e9m disso, explorar fundos de investimento voltados para projetos de transi\u00e7\u00e3o pode alavancar recursos e fortalecer o posicionamento da empresa nesse cen\u00e1rio de transforma\u00e7\u00e3o.<\/p>\n\n\n\n<h3 id=\"online\">Presen\u00e7a Online<\/h3>\n\n\n\n<div class=\"wp-block-image\"><figure class=\"aligncenter size-large\"><a href=\"https:\/\/proposeful.com\/pt\/blog\/wp-content\/uploads\/2025\/01\/npxxwgq33zq.jpg\"><img loading=\"lazy\" width=\"1024\" height=\"682\" src=\"https:\/\/proposeful.com\/pt\/blog\/wp-content\/uploads\/2025\/01\/npxxwgq33zq-1024x682.jpg\" alt=\"pessoa usando um notebook\" class=\"wp-image-2130\" srcset=\"https:\/\/proposeful.com\/pt\/blog\/wp-content\/uploads\/2025\/01\/npxxwgq33zq-1024x682.jpg 1024w, https:\/\/proposeful.com\/pt\/blog\/wp-content\/uploads\/2025\/01\/npxxwgq33zq-300x200.jpg 300w, https:\/\/proposeful.com\/pt\/blog\/wp-content\/uploads\/2025\/01\/npxxwgq33zq-768x511.jpg 768w, https:\/\/proposeful.com\/pt\/blog\/wp-content\/uploads\/2025\/01\/npxxwgq33zq-1536x1022.jpg 1536w, https:\/\/proposeful.com\/pt\/blog\/wp-content\/uploads\/2025\/01\/npxxwgq33zq-320x213.jpg 320w, https:\/\/proposeful.com\/pt\/blog\/wp-content\/uploads\/2025\/01\/npxxwgq33zq.jpg 1600w\" sizes=\"(max-width: 1024px) 100vw, 1024px\" \/><\/a><\/figure><\/div>\n\n\n\n<p>Saindo um pouco das pautas mais t\u00e9cnicas e regulamentares do ESG e entrando em uma quest\u00e3o mais pr\u00e1tica e din\u00e2mica, a presen\u00e7a online \u00e9 um dos pilares essenciais para o crescimento das empresas.&nbsp;<\/p>\n\n\n\n<p>Ap\u00f3s a pandemia, <a href=\"https:\/\/www.cartacapital.com.br\/do-micro-ao-macro\/68-das-empresas-brasileiras-se-tornaram-mais-digitais-apos-a-pandemia\/\">68% das empresas se tornaram mais digitais<\/a>. Esse dado corrobora com a quest\u00e3o que comentamos anteriormente, do \u201cnovo normal\u201d. Ter uma presen\u00e7a online consolidada fortalece a marca, atraindo novos p\u00fablicos e consequentemente, consumidores. Gra\u00e7as a internet, existe a possibilidade de&nbsp;estar conectado com o p\u00fablico atrav\u00e9s de m\u00eddias sociais, criar sites bem estruturados e estrat\u00e9gias de marketing digital.<\/p>\n\n\n\n<p>Al\u00e9m disso, ferramentas como SEO, <a href=\"https:\/\/proposeful.com\/pt\/blog\/como-funciona-trafego-pago-para-iniciantes-como-usar-google-ads-e-mais\/\">an\u00fancios pagos<\/a> e conte\u00fados interativos permitem que pequenas e grandes empresas se destaquem em mercados altamente competitivos, mostrando que a presen\u00e7a digital n\u00e3o \u00e9 apenas uma extens\u00e3o do neg\u00f3cio, mas um motor de crescimento indispens\u00e1vel.<\/p>\n\n\n\n<h3 id=\"organizacao\">Organiza\u00e7\u00e3o Estrat\u00e9gica<\/h3>\n\n\n\n<div class=\"wp-block-image\"><figure class=\"aligncenter size-large\"><a href=\"https:\/\/proposeful.com\/pt\/blog\/wp-content\/uploads\/2016\/08\/mockup-share.jpg\"><img loading=\"lazy\" width=\"1024\" height=\"1024\" src=\"https:\/\/proposeful.com\/pt\/blog\/wp-content\/uploads\/2016\/08\/mockup-share-1024x1024.jpg\" alt=\"\" class=\"wp-image-1295\" srcset=\"https:\/\/proposeful.com\/pt\/blog\/wp-content\/uploads\/2016\/08\/mockup-share.jpg 1024w, https:\/\/proposeful.com\/pt\/blog\/wp-content\/uploads\/2016\/08\/mockup-share-150x150.jpg 150w, https:\/\/proposeful.com\/pt\/blog\/wp-content\/uploads\/2016\/08\/mockup-share-300x300.jpg 300w, https:\/\/proposeful.com\/pt\/blog\/wp-content\/uploads\/2016\/08\/mockup-share-768x768.jpg 768w, https:\/\/proposeful.com\/pt\/blog\/wp-content\/uploads\/2016\/08\/mockup-share-320x320.jpg 320w\" sizes=\"(max-width: 1024px) 100vw, 1024px\" \/><\/a><\/figure><\/div>\n\n\n\n<p>Um software de gest\u00e3o de propostas como o Proposeful \u00e9 uma ferramenta que permite <a href=\"https:\/\/proposeful.com\/pt\/about\/10-modelos-de-proposta-comercial-prontos\/\">criar propostas comerciais personalizadas<\/a> e profissionais, acompanhar o engajamento do cliente em tempo real e simplificar processos como envio, assinatura eletr\u00f4nica e controle de contratos.<\/p>\n\n\n\n<p>Al\u00e9m de economizar tempo, um software desse tipo melhora a taxa de convers\u00e3o, reduz erros operacionais e fortalece a percep\u00e7\u00e3o de profissionalismo da empresa. Esse tipo de organiza\u00e7\u00e3o estrat\u00e9gica otimiza o fluxo de trabalho e contribui diretamente para aumentar as chances de fechar neg\u00f3cios e expandir sua atua\u00e7\u00e3o no mercado.<\/p>\n\n\n\n<h3 id=\"IA\">Intelig\u00eancia Artificial<\/h3>\n\n\n\n<figure class=\"wp-block-image size-large\"><a href=\"https:\/\/proposeful.com\/pt\/blog\/wp-content\/uploads\/2025\/01\/robot-handshake-human-background-futuristic-digital-age-scaled.jpg\"><img loading=\"lazy\" width=\"1024\" height=\"683\" src=\"https:\/\/proposeful.com\/pt\/blog\/wp-content\/uploads\/2025\/01\/robot-handshake-human-background-futuristic-digital-age-1024x683.jpg\" alt=\"\" class=\"wp-image-2131\" srcset=\"https:\/\/proposeful.com\/pt\/blog\/wp-content\/uploads\/2025\/01\/robot-handshake-human-background-futuristic-digital-age-1024x683.jpg 1024w, https:\/\/proposeful.com\/pt\/blog\/wp-content\/uploads\/2025\/01\/robot-handshake-human-background-futuristic-digital-age-300x200.jpg 300w, https:\/\/proposeful.com\/pt\/blog\/wp-content\/uploads\/2025\/01\/robot-handshake-human-background-futuristic-digital-age-768x512.jpg 768w, https:\/\/proposeful.com\/pt\/blog\/wp-content\/uploads\/2025\/01\/robot-handshake-human-background-futuristic-digital-age-1536x1024.jpg 1536w, https:\/\/proposeful.com\/pt\/blog\/wp-content\/uploads\/2025\/01\/robot-handshake-human-background-futuristic-digital-age-2048x1365.jpg 2048w, https:\/\/proposeful.com\/pt\/blog\/wp-content\/uploads\/2025\/01\/robot-handshake-human-background-futuristic-digital-age-320x213.jpg 320w\" sizes=\"(max-width: 1024px) 100vw, 1024px\" \/><\/a><figcaption><a href=\"https:\/\/br.freepik.com\/fotos-gratis\/fundo-humano-do-aperto-de-mao-do-robo-era-digital-futurista_17850426.htm#fromView=search&amp;page=1&amp;position=2&amp;uuid=0a04464b-17e0-4eba-a3b7-b6ddccf3a036&amp;new_detail=true\">Imagem de rawpixel.com no Freepik<\/a><\/figcaption><\/figure>\n\n\n\n<p>N\u00e3o \u00e9 novidade que a Intelig\u00eancia Artificial surpreende mais a cada dia que passa e vem tomando um espa\u00e7o cada vez maior dentro das empresas, principalmente as pequenas \u2013 <a href=\"https:\/\/www.em.com.br\/mundo-corporativo\/2025\/01\/7028609-ias-ja-transformam-6-em-cada-10-pequenas-empresas-no-brasil.html\">61,41% das PMEs j\u00e1 usam essa tecnologia<\/a> segundo pesquisa da HostGator.<\/p>\n\n\n\n<p>Muito se fala sobre o medo da IA substituir o trabalho humano, mas o que podemos observar \u00e9 uma coopera\u00e7\u00e3o entre o lado humanizado aliado da IA como ferramenta. Isso porque ela vem para facilitar e transformar tarefas repetitivas, auxiliando na automa\u00e7\u00e3o, otimizando processos, auxiliando em brainstormings, tornando essas atividades mais r\u00e1pidas, o que aumenta a efici\u00eancia das opera\u00e7\u00f5es e permite que os colaboradores possam se dedicar a outras atividades, como por exemplo, um <a href=\"https:\/\/proposeful.com\/pt\/blog\/atendimento-agil-a-importancia-das-respostas-rapidas-para-clientes\/\">atendimento mais \u00e1gil<\/a> e humanizado.<\/p>\n\n\n\n<p>Assim, a proje\u00e7\u00e3o \u00e9 que as empresas que j\u00e1 dominarem as IAs estar\u00e3o \u00e0 frente das outras, aliando-se a transforma\u00e7\u00e3o tecnol\u00f3gica constante que ela entrega.&nbsp;<\/p>\n\n\n\n<p>Veja alguns tipos de IA que podem ser usadas para auxiliar no crescimento empresarial:<\/p>\n\n\n\n<figure class=\"wp-block-table is-style-stripes\"><table><thead><tr><th>Tipo de IA<\/th><th>Aplica\u00e7\u00f5es<\/th><\/tr><\/thead><tbody><tr><td><strong>Automa\u00e7\u00e3o de Processos (RPA)<\/strong><\/td><td>&#8211; Automatiza\u00e7\u00e3o de tarefas repetitivas, como entrada de dados, emiss\u00e3o de faturas e processamento de pedidos.<br>&#8211; Redu\u00e7\u00e3o de erros e aumento da efici\u00eancia operacional.<\/td><\/tr><tr><td><strong>Atendimento ao Cliente<\/strong><\/td><td>&#8211; Chatbots para suporte ao cliente 24\/7.<br>&#8211; Atendimento personalizado baseado em hist\u00f3ricos e comportamento do cliente.<\/td><\/tr><tr><td><strong>An\u00e1lise de Dados e Business Intelligence<\/strong><\/td><td>&#8211; An\u00e1lise preditiva para identificar tend\u00eancias de mercado.<br>&#8211; Dashboards interativos para tomada de decis\u00f5es baseadas em dados.<\/td><\/tr><tr><td><strong>Marketing e Vendas<\/strong><\/td><td>&#8211; Personaliza\u00e7\u00e3o de campanhas de marketing e recomenda\u00e7\u00f5es de produtos.<br>&#8211; Previs\u00e3o de vendas e otimiza\u00e7\u00e3o de funis de convers\u00e3o.<\/td><\/tr><tr><td><strong>Recrutamento e Gest\u00e3o de Talentos<\/strong><\/td><td>&#8211; Sele\u00e7\u00e3o e triagem automatizada de curr\u00edculos.<br>&#8211; An\u00e1lise de habilidades e recomenda\u00e7\u00f5es para reten\u00e7\u00e3o de talentos.<\/td><\/tr><\/tbody><\/table><\/figure>\n\n\n\n<h3 id=\"escala\">Redu\u00e7\u00e3o da Escala<\/h3>\n\n\n\n<div class=\"wp-block-image\"><figure class=\"aligncenter size-large\"><a href=\"https:\/\/proposeful.com\/pt\/blog\/wp-content\/uploads\/2025\/01\/u2bi3gmnsse.jpg\"><img loading=\"lazy\" width=\"1024\" height=\"683\" src=\"https:\/\/proposeful.com\/pt\/blog\/wp-content\/uploads\/2025\/01\/u2bi3gmnsse-1024x683.jpg\" alt=\"escrit\u00f3rio com trabalhadores sentados reunidos em uma mesa central\" class=\"wp-image-2133\" srcset=\"https:\/\/proposeful.com\/pt\/blog\/wp-content\/uploads\/2025\/01\/u2bi3gmnsse-1024x683.jpg 1024w, https:\/\/proposeful.com\/pt\/blog\/wp-content\/uploads\/2025\/01\/u2bi3gmnsse-300x200.jpg 300w, https:\/\/proposeful.com\/pt\/blog\/wp-content\/uploads\/2025\/01\/u2bi3gmnsse-768x512.jpg 768w, https:\/\/proposeful.com\/pt\/blog\/wp-content\/uploads\/2025\/01\/u2bi3gmnsse-1536x1024.jpg 1536w, https:\/\/proposeful.com\/pt\/blog\/wp-content\/uploads\/2025\/01\/u2bi3gmnsse-320x213.jpg 320w, https:\/\/proposeful.com\/pt\/blog\/wp-content\/uploads\/2025\/01\/u2bi3gmnsse.jpg 1600w\" sizes=\"(max-width: 1024px) 100vw, 1024px\" \/><\/a><\/figure><\/div>\n\n\n\n<p>Em 2024, muito se ouviu falar sobre a PEC do fim da escala 6&#215;1. A ado\u00e7\u00e3o de uma escala reduzida \u00e9 uma estrat\u00e9gia a se pensar para impulsionar o crescimento empresarial, uma vez que estudos indicam que jornadas mais curtas podem aumentar a produtividade, melhorar a sa\u00fade dos trabalhadores e estimular a economia.&nbsp;<\/p>\n\n\n\n<p>Por exemplo, uma <a href=\"https:\/\/jornal.usp.br\/campus-ribeirao-preto\/pesquisa-inglesa-mostra-que-reducao-da-jornada-de-trabalho-nao-afeta-produtividade\">pesquisa realizada na Inglaterra<\/a> com 61 empresas de diversos setores revelou que a redu\u00e7\u00e3o da jornada de trabalho n\u00e3o diminuiu a produtividade; pelo contr\u00e1rio, 92% das empresas participantes decidiram manter a jornada reduzida ap\u00f3s o estudo.&nbsp;<\/p>\n\n\n\n<p>No Brasil, o grande foco seria mudar a escala para 5&#215;2, por\u00e9m algumas empresas j\u00e1 aderiram tamb\u00e9m a escala 4&#215;3, popular na Europa, e mostram-se contentes com o resultado, que indicam melhorias em:<\/p>\n\n\n\n<h4>Benef\u00edcios da redu\u00e7\u00e3o da escala<\/h4>\n\n\n\n<ul><li><strong>Produtividade e engajamento:<\/strong> a produtividade aumentou para 71,5% e o engajamento para 60,3%.<\/li><li><strong>Bem-estar:<\/strong> redu\u00e7\u00e3o de 72,8% na exaust\u00e3o frequente, 49,6% na ins\u00f4nia e 30,5% na ansiedade. A m\u00e9dia de horas de sono aumentou de 6,7 para 7,0 horas por noite.<\/li><li><strong>Sa\u00fade: <\/strong>7% avaliaram sa\u00fade f\u00edsica como boa a excelente, e 77,3% para a sa\u00fade mental.<\/li><li><strong>Trabalho e cultura organizacional: <\/strong>2% perceberam melhorias na cultura da empresa, e 80,7% notaram mais criatividade e inova\u00e7\u00e3o.<\/li><li><strong>Impacto social: <\/strong>1% relatou melhor colabora\u00e7\u00e3o, e 71,3% mais energia para fam\u00edlia e amigos.<\/li><\/ul>\n\n\n\n<p><em>Fonte: <a href=\"https:\/\/exame.com\/carreira\/quatro-dias-de-trabalho-como-estao-as-empresas-que-adotaram-a-escala-4x3-no-brasil\/\">Quatro dias de trabalho: como est\u00e3o as empresas que adotaram a escala 4&#215;3 no Brasil? | Exame<\/a><\/em><\/p>\n\n\n\n<p>Como conclus\u00e3o, podemos observar que um colaborador com mais tempo para suas atividades pessoais tem maior probabilidade de apresentar melhor sa\u00fade mental, maior engajamento e disposi\u00e7\u00e3o para realizar entregas de alta qualidade.&nbsp;<\/p>\n\n\n\n<p>Al\u00e9m disso, empresas que adotam jornadas reduzidas t\u00eam a oportunidade de fortalecer a cultura organizacional, fomentar a criatividade e a inova\u00e7\u00e3o, e construir um ambiente de trabalho mais atrativo para reten\u00e7\u00e3o e atra\u00e7\u00e3o de talentos.&nbsp;<\/p>\n\n\n\n<p>Portanto, a transi\u00e7\u00e3o para escalas mais flex\u00edveis, como 5&#215;2 ou 4&#215;3, n\u00e3o \u00e9 apenas uma quest\u00e3o de bem-estar dos trabalhadores, mas uma estrat\u00e9gia eficaz para impulsionar o crescimento empresarial de maneira sustent\u00e1vel e humana.<\/p>\n\n\n\n<h3 id=\"home-office\">Trabalho H\u00edbrido\/Home Office<\/h3>\n\n\n\n<div class=\"wp-block-image\"><figure class=\"aligncenter size-large\"><a href=\"https:\/\/proposeful.com\/pt\/blog\/wp-content\/uploads\/2025\/01\/21gwwco-jbq.jpg\"><img loading=\"lazy\" width=\"1024\" height=\"683\" src=\"https:\/\/proposeful.com\/pt\/blog\/wp-content\/uploads\/2025\/01\/21gwwco-jbq-1024x683.jpg\" alt=\"tend\u00eancia de crescimento empresarial: home office - na imagem, um homem trabalhando na mesa de casa\" class=\"wp-image-2132\" srcset=\"https:\/\/proposeful.com\/pt\/blog\/wp-content\/uploads\/2025\/01\/21gwwco-jbq-1024x683.jpg 1024w, https:\/\/proposeful.com\/pt\/blog\/wp-content\/uploads\/2025\/01\/21gwwco-jbq-300x200.jpg 300w, https:\/\/proposeful.com\/pt\/blog\/wp-content\/uploads\/2025\/01\/21gwwco-jbq-768x512.jpg 768w, https:\/\/proposeful.com\/pt\/blog\/wp-content\/uploads\/2025\/01\/21gwwco-jbq-1536x1024.jpg 1536w, https:\/\/proposeful.com\/pt\/blog\/wp-content\/uploads\/2025\/01\/21gwwco-jbq-320x213.jpg 320w, https:\/\/proposeful.com\/pt\/blog\/wp-content\/uploads\/2025\/01\/21gwwco-jbq.jpg 1600w\" sizes=\"(max-width: 1024px) 100vw, 1024px\" \/><\/a><\/figure><\/div>\n\n\n\n<p>Os modelos de trabalho h\u00edbrido ou totalmente remotos tem crescido bastante, principalmente depois da pandemia, se mostrando uma outra tend\u00eancia para o crescimento empresarial. <a href=\"https:\/\/olhardigital.com.br\/2023\/11\/17\/pro\/empresas-que-adotam-home-office-crescem-mais-rapido-diz-pesquisa\">Estudos recentes<\/a> mostram que as empresas que permitem o trabalho home office registraram um crescimento na receita quatro vezes mais r\u00e1pido em compara\u00e7\u00e3o \u00e0s empresas de trabalho presencial.<\/p>\n\n\n\n<p>O que vemos \u00e9 que o trabalho remoto se mostra muito positivo ao colaborador, que n\u00e3o precisa gastar tanto tempo com locomo\u00e7\u00e3o, o que muitas vezes faz com que o dia j\u00e1 comece estressante. Assim, aumenta a produtividade \u2013 corroborando com o argumento de que um trabalhador satisfeito e motivado leva a uma melhoria na efici\u00eancia da empresa.<\/p>\n\n\n\n<p>Al\u00e9m disso, a flexibilidade da empresa \u00e9 um fator que serve para atrair novos talentos, em especial da gera\u00e7\u00e3o Z, ainda mais levando em considera\u00e7\u00e3o o mercado competitivo que estamos inseridos. Ainda, \u00e9 poss\u00edvel ter acesso a talentos de qualquer lugar do mundo, o que aumenta a diversidade e mostra que a empresa \u00e9 aberta a novas perspectivas, caminhando para o crescimento.<\/p>\n\n\n\n<p>Enfim, um dos principais pontos do trabalho remoto \u00e9 a redu\u00e7\u00e3o de custos operacionais, pois trabalhando de casa, n\u00e3o h\u00e1 a necessidade de gastar com espa\u00e7o f\u00edsico, permitindo que esses recursos sejam reinvestidos em outras \u00e1reas.&nbsp;<\/p>\n\n\n\n<h2>Conclus\u00e3o: Crescimento Empresarial em 2025<\/h2>\n\n\n\n<p>Vemos que o crescimento empresarial para 2025 est\u00e1 ligado a se adaptar com as tend\u00eancias e ferramentas que servem para auxiliar na inova\u00e7\u00e3o, na melhoria de produtividade e na conquista de novos mercados.<\/p>\n\n\n\n<p>Por\u00e9m, para aproveitar essas oportunidades, \u00e9 muito importante investir em um bom planejamento, nas tecnologias adequadas e em uma abordagem que priorize a efici\u00eancia e experi\u00eancia do cliente. Empresas que trazem essas pr\u00e1ticas de forma consciente e inovadora com certeza ter\u00e3o uma vantagem competitiva, al\u00e9m de impactarem o mercado de forma positiva com mudan\u00e7as que melhoram o mundo e a qualidade de vida.<\/p>\n","protected":false},"excerpt":{"rendered":"<p>Quer saber como fazer sua empresa crescer em 2025? Reunimos as melhores dicas para o crescimento empresarial aqui neste artigo.<\/p>\n","protected":false},"author":11,"featured_media":2264,"comment_status":"open","ping_status":"open","sticky":false,"template":"","format":"standard","meta":[],"categories":[3],"tags":[38,31,35,24,25,168],"amp_enabled":true,"_links":{"self":[{"href":"https:\/\/proposeful.com\/pt\/blog\/wp-json\/wp\/v2\/posts\/2127"}],"collection":[{"href":"https:\/\/proposeful.com\/pt\/blog\/wp-json\/wp\/v2\/posts"}],"about":[{"href":"https:\/\/proposeful.com\/pt\/blog\/wp-json\/wp\/v2\/types\/post"}],"author":[{"embeddable":true,"href":"https:\/\/proposeful.com\/pt\/blog\/wp-json\/wp\/v2\/users\/11"}],"replies":[{"embeddable":true,"href":"https:\/\/proposeful.com\/pt\/blog\/wp-json\/wp\/v2\/comments?post=2127"}],"version-history":[{"count":4,"href":"https:\/\/proposeful.com\/pt\/blog\/wp-json\/wp\/v2\/posts\/2127\/revisions"}],"predecessor-version":[{"id":2281,"href":"https:\/\/proposeful.com\/pt\/blog\/wp-json\/wp\/v2\/posts\/2127\/revisions\/2281"}],"wp:featuredmedia":[{"embeddable":true,"href":"https:\/\/proposeful.com\/pt\/blog\/wp-json\/wp\/v2\/media\/2264"}],"wp:attachment":[{"href":"https:\/\/proposeful.com\/pt\/blog\/wp-json\/wp\/v2\/media?parent=2127"}],"wp:term":[{"taxonomy":"category","embeddable":true,"href":"https:\/\/proposeful.com\/pt\/blog\/wp-json\/wp\/v2\/categories?post=2127"},{"taxonomy":"post_tag","embeddable":true,"href":"https:\/\/proposeful.com\/pt\/blog\/wp-json\/wp\/v2\/tags?post=2127"}],"curies":[{"name":"wp","href":"https:\/\/api.w.org\/{rel}","templated":true}]}}